{"id":7755,"date":"2019-05-05T12:15:51","date_gmt":"2019-05-05T12:15:51","guid":{"rendered":"http:\/\/srfb-wp.dphi.be\/?p=7755"},"modified":"2024-04-09T16:52:49","modified_gmt":"2024-04-09T14:52:49","slug":"une-assemblee-generale-a-la-hauteur-des-125-ans","status":"publish","type":"post","link":"https:\/\/srfb.be\/de\/2019\/05\/05\/une-assemblee-generale-a-la-hauteur-des-125-ans\/","title":{"rendered":"Eine Generalversammlung, die dem 125-j\u00e4hrigen Jubil\u00e4um gerecht wird"},"content":{"rendered":"<p>La 125\u00e8me assembl\u00e9e g\u00e9n\u00e9rale de la Soci\u00e9t\u00e9 Royale Foresti\u00e8re de Belgique s&rsquo;est tenue le 4 mai 2018 au ch\u00e2teau de Lavaux-Sainte-Anne.<br>Cette journ\u00e9e a \u00e9t\u00e9 rehauss\u00e9e par la pr\u00e9sence de Sa Majest\u00e9 le Roi.<\/p>\n\n\n\n<figure class=\"wp-block-gallery has-nested-images columns-3 is-cropped wp-block-gallery-1 is-layout-flex wp-block-gallery-is-layout-flex\">\n<figure data-wp-context=\"{&quot;imageId&quot;:&quot;69f3207c387ac&quot;}\" data-wp-interactive=\"core\/image\" data-wp-key=\"69f3207c387ac\" class=\"wp-block-image size-full wp-lightbox-container\"><img decoding=\"async\" data-wp-class--hide=\"state.isContentHidden\" data-wp-class--show=\"state.isContentVisible\" data-wp-init=\"callbacks.setButtonStyles\" data-wp-on--click=\"actions.showLightbox\" data-wp-on--load=\"callbacks.setButtonStyles\" data-wp-on-window--resize=\"callbacks.setButtonStyles\" data-id=\"7757\" src=\"https:\/\/srfb.be\/wp-content\/uploads\/2019\/07\/125-ans-SRFB-Accueil-des-membres-\u00e0-Lavaux-St-Anne-\u00a9-Sonia-Kapelle-21ebb3.jpg\" alt=\"\" class=\"wp-image-7757\"\/><button\n\t\t\tclass=\"lightbox-trigger\"\n\t\t\ttype=\"button\"\n\t\t\taria-haspopup=\"dialog\"\n\t\t\taria-label=\"Vergr\u00f6\u00dfern\"\n\t\t\tdata-wp-init=\"callbacks.initTriggerButton\"\n\t\t\tdata-wp-on--click=\"actions.showLightbox\"\n\t\t\tdata-wp-style--right=\"state.imageButtonRight\"\n\t\t\tdata-wp-style--top=\"state.imageButtonTop\"\n\t\t>\n\t\t\t<svg xmlns=\"http:\/\/www.w3.org\/2000\/svg\" width=\"12\" height=\"12\" fill=\"none\" viewbox=\"0 0 12 12\">\n\t\t\t\t<path fill=\"#fff\" d=\"M2 0a2 2 0 0 0-2 2v2h1.5V2a.5.5 0 0 1 .5-.5h2V0H2Zm2 10.5H2a.5.5 0 0 1-.5-.5V8H0v2a2 2 0 0 0 2 2h2v-1.5ZM8 12v-1.5h2a.5.5 0 0 0 .5-.5V8H12v2a2 2 0 0 1-2 2H8Zm2-12a2 2 0 0 1 2 2v2h-1.5V2a.5.5 0 0 0-.5-.5H8V0h2Z\" \/>\n\t\t\t<\/svg>\n\t\t<\/button><\/figure>\n\n\n\n<figure data-wp-context=\"{&quot;imageId&quot;:&quot;69f3207c38c7b&quot;}\" data-wp-interactive=\"core\/image\" data-wp-key=\"69f3207c38c7b\" class=\"wp-block-image size-full wp-lightbox-container\"><img decoding=\"async\" data-wp-class--hide=\"state.isContentHidden\" data-wp-class--show=\"state.isContentVisible\" data-wp-init=\"callbacks.setButtonStyles\" data-wp-on--click=\"actions.showLightbox\" data-wp-on--load=\"callbacks.setButtonStyles\" data-wp-on-window--resize=\"callbacks.setButtonStyles\" data-id=\"7761\" src=\"https:\/\/srfb.be\/wp-content\/uploads\/2019\/07\/125-ans-SRFB-Assembl\u00e9e-G\u00e9n\u00e9rale-Ordinaire-\u00a9-Sonia-Chapelle-4215b1.jpg\" alt=\"\" class=\"wp-image-7761\"\/><button\n\t\t\tclass=\"lightbox-trigger\"\n\t\t\ttype=\"button\"\n\t\t\taria-haspopup=\"dialog\"\n\t\t\taria-label=\"Vergr\u00f6\u00dfern\"\n\t\t\tdata-wp-init=\"callbacks.initTriggerButton\"\n\t\t\tdata-wp-on--click=\"actions.showLightbox\"\n\t\t\tdata-wp-style--right=\"state.imageButtonRight\"\n\t\t\tdata-wp-style--top=\"state.imageButtonTop\"\n\t\t>\n\t\t\t<svg xmlns=\"http:\/\/www.w3.org\/2000\/svg\" width=\"12\" height=\"12\" fill=\"none\" viewbox=\"0 0 12 12\">\n\t\t\t\t<path fill=\"#fff\" d=\"M2 0a2 2 0 0 0-2 2v2h1.5V2a.5.5 0 0 1 .5-.5h2V0H2Zm2 10.5H2a.5.5 0 0 1-.5-.5V8H0v2a2 2 0 0 0 2 2h2v-1.5ZM8 12v-1.5h2a.5.5 0 0 0 .5-.5V8H12v2a2 2 0 0 1-2 2H8Zm2-12a2 2 0 0 1 2 2v2h-1.5V2a.5.5 0 0 0-.5-.5H8V0h2Z\" \/>\n\t\t\t<\/svg>\n\t\t<\/button><\/figure>\n\n\n\n<figure data-wp-context=\"{&quot;imageId&quot;:&quot;69f3207c38dac&quot;}\" data-wp-interactive=\"core\/image\" data-wp-key=\"69f3207c38dac\" class=\"wp-block-image size-full wp-lightbox-container\"><img decoding=\"async\" data-wp-class--hide=\"state.isContentHidden\" data-wp-class--show=\"state.isContentVisible\" data-wp-init=\"callbacks.setButtonStyles\" data-wp-on--click=\"actions.showLightbox\" data-wp-on--load=\"callbacks.setButtonStyles\" data-wp-on-window--resize=\"callbacks.setButtonStyles\" data-id=\"7759\" src=\"https:\/\/srfb.be\/wp-content\/uploads\/2019\/07\/125-ans-SRFB-Alisier-blanc-offert-\u00e0-sa-Majest\u00e9-le-Roi\u00a9-Sonia-Chapelle-1948b5f.jpg\" alt=\"\" class=\"wp-image-7759\"\/><button\n\t\t\tclass=\"lightbox-trigger\"\n\t\t\ttype=\"button\"\n\t\t\taria-haspopup=\"dialog\"\n\t\t\taria-label=\"Vergr\u00f6\u00dfern\"\n\t\t\tdata-wp-init=\"callbacks.initTriggerButton\"\n\t\t\tdata-wp-on--click=\"actions.showLightbox\"\n\t\t\tdata-wp-style--right=\"state.imageButtonRight\"\n\t\t\tdata-wp-style--top=\"state.imageButtonTop\"\n\t\t>\n\t\t\t<svg xmlns=\"http:\/\/www.w3.org\/2000\/svg\" width=\"12\" height=\"12\" fill=\"none\" viewbox=\"0 0 12 12\">\n\t\t\t\t<path fill=\"#fff\" d=\"M2 0a2 2 0 0 0-2 2v2h1.5V2a.5.5 0 0 1 .5-.5h2V0H2Zm2 10.5H2a.5.5 0 0 1-.5-.5V8H0v2a2 2 0 0 0 2 2h2v-1.5ZM8 12v-1.5h2a.5.5 0 0 0 .5-.5V8H12v2a2 2 0 0 1-2 2H8Zm2-12a2 2 0 0 1 2 2v2h-1.5V2a.5.5 0 0 0-.5-.5H8V0h2Z\" \/>\n\t\t\t<\/svg>\n\t\t<\/button><\/figure>\n\n\n\n<figure data-wp-context=\"{&quot;imageId&quot;:&quot;69f3207c3904c&quot;}\" data-wp-interactive=\"core\/image\" data-wp-key=\"69f3207c3904c\" class=\"wp-block-image size-full wp-lightbox-container\"><img decoding=\"async\" data-wp-class--hide=\"state.isContentHidden\" data-wp-class--show=\"state.isContentVisible\" data-wp-init=\"callbacks.setButtonStyles\" data-wp-on--click=\"actions.showLightbox\" data-wp-on--load=\"callbacks.setButtonStyles\" data-wp-on-window--resize=\"callbacks.setButtonStyles\" data-id=\"7765\" src=\"https:\/\/srfb.be\/wp-content\/uploads\/2019\/07\/125-ans-SRFB-\u00a9-Sonia-Chapelle-304a606.jpg\" alt=\"\" class=\"wp-image-7765\"\/><button\n\t\t\tclass=\"lightbox-trigger\"\n\t\t\ttype=\"button\"\n\t\t\taria-haspopup=\"dialog\"\n\t\t\taria-label=\"Vergr\u00f6\u00dfern\"\n\t\t\tdata-wp-init=\"callbacks.initTriggerButton\"\n\t\t\tdata-wp-on--click=\"actions.showLightbox\"\n\t\t\tdata-wp-style--right=\"state.imageButtonRight\"\n\t\t\tdata-wp-style--top=\"state.imageButtonTop\"\n\t\t>\n\t\t\t<svg xmlns=\"http:\/\/www.w3.org\/2000\/svg\" width=\"12\" height=\"12\" fill=\"none\" viewbox=\"0 0 12 12\">\n\t\t\t\t<path fill=\"#fff\" d=\"M2 0a2 2 0 0 0-2 2v2h1.5V2a.5.5 0 0 1 .5-.5h2V0H2Zm2 10.5H2a.5.5 0 0 1-.5-.5V8H0v2a2 2 0 0 0 2 2h2v-1.5ZM8 12v-1.5h2a.5.5 0 0 0 .5-.5V8H12v2a2 2 0 0 1-2 2H8Zm2-12a2 2 0 0 1 2 2v2h-1.5V2a.5.5 0 0 0-.5-.5H8V0h2Z\" \/>\n\t\t\t<\/svg>\n\t\t<\/button><\/figure>\n\n\n\n<figure data-wp-context=\"{&quot;imageId&quot;:&quot;69f3207c391f1&quot;}\" data-wp-interactive=\"core\/image\" data-wp-key=\"69f3207c391f1\" class=\"wp-block-image size-full wp-lightbox-container\"><img loading=\"lazy\" decoding=\"async\" width=\"900\" height=\"601\" data-wp-class--hide=\"state.isContentHidden\" data-wp-class--show=\"state.isContentVisible\" data-wp-init=\"callbacks.setButtonStyles\" data-wp-on--click=\"actions.showLightbox\" data-wp-on--load=\"callbacks.setButtonStyles\" data-wp-on-window--resize=\"callbacks.setButtonStyles\" data-id=\"7769\" src=\"https:\/\/srfb.be\/wp-content\/uploads\/2019\/07\/125-ans-SRFB-\u00a9-Sonia-Chapelle-247_0fc3e.jpg\" alt=\"\" class=\"wp-image-7769\" srcset=\"https:\/\/srfb.be\/wp-content\/uploads\/2019\/07\/125-ans-SRFB-\u00a9-Sonia-Chapelle-247_0fc3e.jpg 900w, https:\/\/srfb.be\/wp-content\/uploads\/2019\/07\/125-ans-SRFB-\u00a9-Sonia-Chapelle-247_0fc3e-600x401.jpg 600w, https:\/\/srfb.be\/wp-content\/uploads\/2019\/07\/125-ans-SRFB-\u00a9-Sonia-Chapelle-247_0fc3e-64x43.jpg 64w, https:\/\/srfb.be\/wp-content\/uploads\/2019\/07\/125-ans-SRFB-\u00a9-Sonia-Chapelle-247_0fc3e-300x200.jpg 300w, https:\/\/srfb.be\/wp-content\/uploads\/2019\/07\/125-ans-SRFB-\u00a9-Sonia-Chapelle-247_0fc3e-18x12.jpg 18w\" sizes=\"auto, (max-width: 900px) 100vw, 900px\" \/><button\n\t\t\tclass=\"lightbox-trigger\"\n\t\t\ttype=\"button\"\n\t\t\taria-haspopup=\"dialog\"\n\t\t\taria-label=\"Vergr\u00f6\u00dfern\"\n\t\t\tdata-wp-init=\"callbacks.initTriggerButton\"\n\t\t\tdata-wp-on--click=\"actions.showLightbox\"\n\t\t\tdata-wp-style--right=\"state.imageButtonRight\"\n\t\t\tdata-wp-style--top=\"state.imageButtonTop\"\n\t\t>\n\t\t\t<svg xmlns=\"http:\/\/www.w3.org\/2000\/svg\" width=\"12\" height=\"12\" fill=\"none\" viewbox=\"0 0 12 12\">\n\t\t\t\t<path fill=\"#fff\" d=\"M2 0a2 2 0 0 0-2 2v2h1.5V2a.5.5 0 0 1 .5-.5h2V0H2Zm2 10.5H2a.5.5 0 0 1-.5-.5V8H0v2a2 2 0 0 0 2 2h2v-1.5ZM8 12v-1.5h2a.5.5 0 0 0 .5-.5V8H12v2a2 2 0 0 1-2 2H8Zm2-12a2 2 0 0 1 2 2v2h-1.5V2a.5.5 0 0 0-.5-.5H8V0h2Z\" \/>\n\t\t\t<\/svg>\n\t\t<\/button><\/figure>\n\n\n\n<figure data-wp-context=\"{&quot;imageId&quot;:&quot;69f3207c39315&quot;}\" data-wp-interactive=\"core\/image\" data-wp-key=\"69f3207c39315\" class=\"wp-block-image size-full wp-lightbox-container\"><img loading=\"lazy\" decoding=\"async\" width=\"546\" height=\"410\" data-wp-class--hide=\"state.isContentHidden\" data-wp-class--show=\"state.isContentVisible\" data-wp-init=\"callbacks.setButtonStyles\" data-wp-on--click=\"actions.showLightbox\" data-wp-on--load=\"callbacks.setButtonStyles\" data-wp-on-window--resize=\"callbacks.setButtonStyles\" data-id=\"7766\" src=\"https:\/\/srfb.be\/wp-content\/uploads\/2019\/07\/125-ans-SRFB-visite-foresti\u00e8re-de-la-Donation-Royale\u00a9-SRFB-365ef.jpg\" alt=\"\" class=\"wp-image-7766\" srcset=\"https:\/\/srfb.be\/wp-content\/uploads\/2019\/07\/125-ans-SRFB-visite-foresti\u00e8re-de-la-Donation-Royale\u00a9-SRFB-365ef.jpg 546w, https:\/\/srfb.be\/wp-content\/uploads\/2019\/07\/125-ans-SRFB-visite-foresti\u00e8re-de-la-Donation-Royale\u00a9-SRFB-365ef-300x225.jpg 300w, https:\/\/srfb.be\/wp-content\/uploads\/2019\/07\/125-ans-SRFB-visite-foresti\u00e8re-de-la-Donation-Royale\u00a9-SRFB-365ef-16x12.jpg 16w\" sizes=\"auto, (max-width: 546px) 100vw, 546px\" \/><button\n\t\t\tclass=\"lightbox-trigger\"\n\t\t\ttype=\"button\"\n\t\t\taria-haspopup=\"dialog\"\n\t\t\taria-label=\"Vergr\u00f6\u00dfern\"\n\t\t\tdata-wp-init=\"callbacks.initTriggerButton\"\n\t\t\tdata-wp-on--click=\"actions.showLightbox\"\n\t\t\tdata-wp-style--right=\"state.imageButtonRight\"\n\t\t\tdata-wp-style--top=\"state.imageButtonTop\"\n\t\t>\n\t\t\t<svg xmlns=\"http:\/\/www.w3.org\/2000\/svg\" width=\"12\" height=\"12\" fill=\"none\" viewbox=\"0 0 12 12\">\n\t\t\t\t<path fill=\"#fff\" d=\"M2 0a2 2 0 0 0-2 2v2h1.5V2a.5.5 0 0 1 .5-.5h2V0H2Zm2 10.5H2a.5.5 0 0 1-.5-.5V8H0v2a2 2 0 0 0 2 2h2v-1.5ZM8 12v-1.5h2a.5.5 0 0 0 .5-.5V8H12v2a2 2 0 0 1-2 2H8Zm2-12a2 2 0 0 1 2 2v2h-1.5V2a.5.5 0 0 0-.5-.5H8V0h2Z\" \/>\n\t\t\t<\/svg>\n\t\t<\/button><\/figure>\n<\/figure>\n\n\n\n<p>La journ\u00e9e s&rsquo;est poursuivie par une visite guid\u00e9e par les r\u00e9gisseurs du domaine forestier de la Donation Royale de Ciergnon.<br>Pendant ce temps, Sa Majest\u00e9 le Roi s\u2019est entretenue avec plusieurs experts sur l\u2019impact des changements climatiques sur la for\u00eat et son fonctionnement. Mod\u00e9r\u00e9e par Dominique Godin, la table ronde \u00e9tait compos\u00e9e de Philippe de Wouters (Directeur, SRFB), Nicolas Dassonville (Charg\u00e9 de projet, SRFB), Jean-Pierre Scohy (Inspecteur G\u00e9n\u00e9ral du DNF), Bart Meuleman (Regiobeheerder, Agentschap voor Natuur en Bos), Quentin Ponette (Professeur, Earth and Life Institute, UCL), Hugues Claessens (Professeur, Gembloux Agro-Bio Tech, ULi\u00e8ge), Beatrijs Van der Aa (Onderzoekster Instituut Natuur-en BosOnderzoek, INBO), Val\u00e9ry Bemelmans (Expert de la F\u00e9d\u00e9ration Nationale des Experts Forestiers). C\u2019est lors de cette table ronde que le <a href=\"\/de\/arboretums\/\" target=\"_blank\" rel=\"noopener noreferrer\">projet de r\u00e9seau d\u2019arboretums<\/a>&nbsp;a \u00e9galement \u00e9t\u00e9 pr\u00e9sent\u00e9 \u00e0 Sa Majest\u00e9 le Roi.<\/p>\n\n\n\n<p>La conf\u00e9rence foresti\u00e8re pr\u00e9vue fin d&rsquo;apr\u00e8s-midi abordait la th\u00e9matique de \u00ab\u00a0La nouvelle foresterie face aux incertitudes et enjeux actuels et \u00e0 venir. Exemples concrets venus du Canada\u00a0\u00bb. Le conf\u00e9rencier, Christian Messier (professeur \u00e0 l\u2019Universit\u00e9 du Qu\u00e9bec (UQAM) et directeur de l\u2019Institut des Sciences de la For\u00eat Temp\u00e9r\u00e9e), a mis en lumi\u00e8re de nouvelles fa\u00e7ons de penser et d\u2019am\u00e9nager la for\u00eat afin de l\u2019immuniser face aux diff\u00e9rentes menaces, permettant ainsi de pr\u00e9server la fonctionnalit\u00e9 de l\u2019\u00e9cosyst\u00e8me forestier et la conservation de sa biodiversit\u00e9. Parmi les participants, la SRFB a pu compter sur la pr\u00e9sence du Ministre Ren\u00e9 Collin et du Gouverneur de la Province de Namur, Denis Mathen.<\/p>\n\n\n\n<p>La journ\u00e9e s&rsquo;est cl\u00f4tur\u00e9e autour d&rsquo;un\u00a0<em>Walking Dinner<\/em>.<\/p>\n\n\n\n<figure class=\"wp-block-gallery has-nested-images columns-default is-cropped wp-block-gallery-2 is-layout-flex wp-block-gallery-is-layout-flex\">\n<figure data-wp-context=\"{&quot;imageId&quot;:&quot;69f3207c39d23&quot;}\" data-wp-interactive=\"core\/image\" data-wp-key=\"69f3207c39d23\" class=\"wp-block-image size-large wp-lightbox-container\"><img loading=\"lazy\" decoding=\"async\" width=\"900\" height=\"601\" data-wp-class--hide=\"state.isContentHidden\" data-wp-class--show=\"state.isContentVisible\" data-wp-init=\"callbacks.setButtonStyles\" data-wp-on--click=\"actions.showLightbox\" data-wp-on--load=\"callbacks.setButtonStyles\" data-wp-on-window--resize=\"callbacks.setButtonStyles\" data-id=\"7771\" src=\"https:\/\/srfb.be\/wp-content\/uploads\/2019\/07\/125-ans-SRFB-\u00a9-Sonia-Chapelle-340fed7.jpg\" alt=\"\" class=\"wp-image-7771\" srcset=\"https:\/\/srfb.be\/wp-content\/uploads\/2019\/07\/125-ans-SRFB-\u00a9-Sonia-Chapelle-340fed7.jpg 900w, https:\/\/srfb.be\/wp-content\/uploads\/2019\/07\/125-ans-SRFB-\u00a9-Sonia-Chapelle-340fed7-600x401.jpg 600w, https:\/\/srfb.be\/wp-content\/uploads\/2019\/07\/125-ans-SRFB-\u00a9-Sonia-Chapelle-340fed7-64x43.jpg 64w, https:\/\/srfb.be\/wp-content\/uploads\/2019\/07\/125-ans-SRFB-\u00a9-Sonia-Chapelle-340fed7-300x200.jpg 300w, https:\/\/srfb.be\/wp-content\/uploads\/2019\/07\/125-ans-SRFB-\u00a9-Sonia-Chapelle-340fed7-18x12.jpg 18w\" sizes=\"auto, (max-width: 900px) 100vw, 900px\" \/><button\n\t\t\tclass=\"lightbox-trigger\"\n\t\t\ttype=\"button\"\n\t\t\taria-haspopup=\"dialog\"\n\t\t\taria-label=\"Vergr\u00f6\u00dfern\"\n\t\t\tdata-wp-init=\"callbacks.initTriggerButton\"\n\t\t\tdata-wp-on--click=\"actions.showLightbox\"\n\t\t\tdata-wp-style--right=\"state.imageButtonRight\"\n\t\t\tdata-wp-style--top=\"state.imageButtonTop\"\n\t\t>\n\t\t\t<svg xmlns=\"http:\/\/www.w3.org\/2000\/svg\" width=\"12\" height=\"12\" fill=\"none\" viewbox=\"0 0 12 12\">\n\t\t\t\t<path fill=\"#fff\" d=\"M2 0a2 2 0 0 0-2 2v2h1.5V2a.5.5 0 0 1 .5-.5h2V0H2Zm2 10.5H2a.5.5 0 0 1-.5-.5V8H0v2a2 2 0 0 0 2 2h2v-1.5ZM8 12v-1.5h2a.5.5 0 0 0 .5-.5V8H12v2a2 2 0 0 1-2 2H8Zm2-12a2 2 0 0 1 2 2v2h-1.5V2a.5.5 0 0 0-.5-.5H8V0h2Z\" \/>\n\t\t\t<\/svg>\n\t\t<\/button><\/figure>\n\n\n\n<figure data-wp-context=\"{&quot;imageId&quot;:&quot;69f3207c39e57&quot;}\" data-wp-interactive=\"core\/image\" data-wp-key=\"69f3207c39e57\" class=\"wp-block-image size-large wp-lightbox-container\"><img decoding=\"async\" data-wp-class--hide=\"state.isContentHidden\" data-wp-class--show=\"state.isContentVisible\" data-wp-init=\"callbacks.setButtonStyles\" data-wp-on--click=\"actions.showLightbox\" data-wp-on--load=\"callbacks.setButtonStyles\" data-wp-on-window--resize=\"callbacks.setButtonStyles\" data-id=\"7773\" src=\"https:\/\/srfb.be\/wp-content\/uploads\/2019\/07\/125-ans-SRFB-\u00a9-Sonia-Chapelle-3433104.jpg\" alt=\"\" class=\"wp-image-7773\"\/><button\n\t\t\tclass=\"lightbox-trigger\"\n\t\t\ttype=\"button\"\n\t\t\taria-haspopup=\"dialog\"\n\t\t\taria-label=\"Vergr\u00f6\u00dfern\"\n\t\t\tdata-wp-init=\"callbacks.initTriggerButton\"\n\t\t\tdata-wp-on--click=\"actions.showLightbox\"\n\t\t\tdata-wp-style--right=\"state.imageButtonRight\"\n\t\t\tdata-wp-style--top=\"state.imageButtonTop\"\n\t\t>\n\t\t\t<svg xmlns=\"http:\/\/www.w3.org\/2000\/svg\" width=\"12\" height=\"12\" fill=\"none\" viewbox=\"0 0 12 12\">\n\t\t\t\t<path fill=\"#fff\" d=\"M2 0a2 2 0 0 0-2 2v2h1.5V2a.5.5 0 0 1 .5-.5h2V0H2Zm2 10.5H2a.5.5 0 0 1-.5-.5V8H0v2a2 2 0 0 0 2 2h2v-1.5ZM8 12v-1.5h2a.5.5 0 0 0 .5-.5V8H12v2a2 2 0 0 1-2 2H8Zm2-12a2 2 0 0 1 2 2v2h-1.5V2a.5.5 0 0 0-.5-.5H8V0h2Z\" \/>\n\t\t\t<\/svg>\n\t\t<\/button><\/figure>\n\n\n\n<figure data-wp-context=\"{&quot;imageId&quot;:&quot;69f3207c39f8a&quot;}\" data-wp-interactive=\"core\/image\" data-wp-key=\"69f3207c39f8a\" class=\"wp-block-image size-large wp-lightbox-container\"><img loading=\"lazy\" decoding=\"async\" width=\"900\" height=\"601\" data-wp-class--hide=\"state.isContentHidden\" data-wp-class--show=\"state.isContentVisible\" data-wp-init=\"callbacks.setButtonStyles\" data-wp-on--click=\"actions.showLightbox\" data-wp-on--load=\"callbacks.setButtonStyles\" data-wp-on-window--resize=\"callbacks.setButtonStyles\" data-id=\"7779\" src=\"https:\/\/srfb.be\/wp-content\/uploads\/2019\/07\/125-ans-SRFB-\u00a9-Sonia-Chapelle-294527d.jpg\" alt=\"\" class=\"wp-image-7779\" srcset=\"https:\/\/srfb.be\/wp-content\/uploads\/2019\/07\/125-ans-SRFB-\u00a9-Sonia-Chapelle-294527d.jpg 900w, https:\/\/srfb.be\/wp-content\/uploads\/2019\/07\/125-ans-SRFB-\u00a9-Sonia-Chapelle-294527d-600x401.jpg 600w, https:\/\/srfb.be\/wp-content\/uploads\/2019\/07\/125-ans-SRFB-\u00a9-Sonia-Chapelle-294527d-64x43.jpg 64w, https:\/\/srfb.be\/wp-content\/uploads\/2019\/07\/125-ans-SRFB-\u00a9-Sonia-Chapelle-294527d-300x200.jpg 300w, https:\/\/srfb.be\/wp-content\/uploads\/2019\/07\/125-ans-SRFB-\u00a9-Sonia-Chapelle-294527d-18x12.jpg 18w\" sizes=\"auto, (max-width: 900px) 100vw, 900px\" \/><button\n\t\t\tclass=\"lightbox-trigger\"\n\t\t\ttype=\"button\"\n\t\t\taria-haspopup=\"dialog\"\n\t\t\taria-label=\"Vergr\u00f6\u00dfern\"\n\t\t\tdata-wp-init=\"callbacks.initTriggerButton\"\n\t\t\tdata-wp-on--click=\"actions.showLightbox\"\n\t\t\tdata-wp-style--right=\"state.imageButtonRight\"\n\t\t\tdata-wp-style--top=\"state.imageButtonTop\"\n\t\t>\n\t\t\t<svg xmlns=\"http:\/\/www.w3.org\/2000\/svg\" width=\"12\" height=\"12\" fill=\"none\" viewbox=\"0 0 12 12\">\n\t\t\t\t<path fill=\"#fff\" d=\"M2 0a2 2 0 0 0-2 2v2h1.5V2a.5.5 0 0 1 .5-.5h2V0H2Zm2 10.5H2a.5.5 0 0 1-.5-.5V8H0v2a2 2 0 0 0 2 2h2v-1.5ZM8 12v-1.5h2a.5.5 0 0 0 .5-.5V8H12v2a2 2 0 0 1-2 2H8Zm2-12a2 2 0 0 1 2 2v2h-1.5V2a.5.5 0 0 0-.5-.5H8V0h2Z\" \/>\n\t\t\t<\/svg>\n\t\t<\/button><\/figure>\n\n\n\n<figure data-wp-context=\"{&quot;imageId&quot;:&quot;69f3207c3a0e1&quot;}\" data-wp-interactive=\"core\/image\" data-wp-key=\"69f3207c3a0e1\" class=\"wp-block-image size-large wp-lightbox-container\"><img loading=\"lazy\" decoding=\"async\" width=\"900\" height=\"601\" data-wp-class--hide=\"state.isContentHidden\" data-wp-class--show=\"state.isContentVisible\" data-wp-init=\"callbacks.setButtonStyles\" data-wp-on--click=\"actions.showLightbox\" data-wp-on--load=\"callbacks.setButtonStyles\" data-wp-on-window--resize=\"callbacks.setButtonStyles\" data-id=\"7781\" src=\"https:\/\/srfb.be\/wp-content\/uploads\/2019\/07\/125-ans-SRFB-\u00a9-Sonia-Chapelle-334_05869.jpg\" alt=\"\" class=\"wp-image-7781\" srcset=\"https:\/\/srfb.be\/wp-content\/uploads\/2019\/07\/125-ans-SRFB-\u00a9-Sonia-Chapelle-334_05869.jpg 900w, https:\/\/srfb.be\/wp-content\/uploads\/2019\/07\/125-ans-SRFB-\u00a9-Sonia-Chapelle-334_05869-600x401.jpg 600w, https:\/\/srfb.be\/wp-content\/uploads\/2019\/07\/125-ans-SRFB-\u00a9-Sonia-Chapelle-334_05869-64x43.jpg 64w, https:\/\/srfb.be\/wp-content\/uploads\/2019\/07\/125-ans-SRFB-\u00a9-Sonia-Chapelle-334_05869-300x200.jpg 300w, https:\/\/srfb.be\/wp-content\/uploads\/2019\/07\/125-ans-SRFB-\u00a9-Sonia-Chapelle-334_05869-18x12.jpg 18w\" sizes=\"auto, (max-width: 900px) 100vw, 900px\" \/><button\n\t\t\tclass=\"lightbox-trigger\"\n\t\t\ttype=\"button\"\n\t\t\taria-haspopup=\"dialog\"\n\t\t\taria-label=\"Vergr\u00f6\u00dfern\"\n\t\t\tdata-wp-init=\"callbacks.initTriggerButton\"\n\t\t\tdata-wp-on--click=\"actions.showLightbox\"\n\t\t\tdata-wp-style--right=\"state.imageButtonRight\"\n\t\t\tdata-wp-style--top=\"state.imageButtonTop\"\n\t\t>\n\t\t\t<svg xmlns=\"http:\/\/www.w3.org\/2000\/svg\" width=\"12\" height=\"12\" fill=\"none\" viewbox=\"0 0 12 12\">\n\t\t\t\t<path fill=\"#fff\" d=\"M2 0a2 2 0 0 0-2 2v2h1.5V2a.5.5 0 0 1 .5-.5h2V0H2Zm2 10.5H2a.5.5 0 0 1-.5-.5V8H0v2a2 2 0 0 0 2 2h2v-1.5ZM8 12v-1.5h2a.5.5 0 0 0 .5-.5V8H12v2a2 2 0 0 1-2 2H8Zm2-12a2 2 0 0 1 2 2v2h-1.5V2a.5.5 0 0 0-.5-.5H8V0h2Z\" \/>\n\t\t\t<\/svg>\n\t\t<\/button><\/figure>\n\n\n\n<figure data-wp-context=\"{&quot;imageId&quot;:&quot;69f3207c3a98e&quot;}\" data-wp-interactive=\"core\/image\" data-wp-key=\"69f3207c3a98e\" class=\"wp-block-image size-large wp-lightbox-container\"><img loading=\"lazy\" decoding=\"async\" width=\"900\" height=\"601\" data-wp-class--hide=\"state.isContentHidden\" data-wp-class--show=\"state.isContentVisible\" data-wp-init=\"callbacks.setButtonStyles\" data-wp-on--click=\"actions.showLightbox\" data-wp-on--load=\"callbacks.setButtonStyles\" data-wp-on-window--resize=\"callbacks.setButtonStyles\" data-id=\"7782\" src=\"https:\/\/srfb.be\/wp-content\/uploads\/2019\/07\/125-ans-SRFB-\u00a9-Sonia-Chapelle-37730e9.jpg\" alt=\"\" class=\"wp-image-7782\" srcset=\"https:\/\/srfb.be\/wp-content\/uploads\/2019\/07\/125-ans-SRFB-\u00a9-Sonia-Chapelle-37730e9.jpg 900w, https:\/\/srfb.be\/wp-content\/uploads\/2019\/07\/125-ans-SRFB-\u00a9-Sonia-Chapelle-37730e9-600x401.jpg 600w, https:\/\/srfb.be\/wp-content\/uploads\/2019\/07\/125-ans-SRFB-\u00a9-Sonia-Chapelle-37730e9-300x200.jpg 300w, https:\/\/srfb.be\/wp-content\/uploads\/2019\/07\/125-ans-SRFB-\u00a9-Sonia-Chapelle-37730e9-18x12.jpg 18w\" sizes=\"auto, (max-width: 900px) 100vw, 900px\" \/><button\n\t\t\tclass=\"lightbox-trigger\"\n\t\t\ttype=\"button\"\n\t\t\taria-haspopup=\"dialog\"\n\t\t\taria-label=\"Vergr\u00f6\u00dfern\"\n\t\t\tdata-wp-init=\"callbacks.initTriggerButton\"\n\t\t\tdata-wp-on--click=\"actions.showLightbox\"\n\t\t\tdata-wp-style--right=\"state.imageButtonRight\"\n\t\t\tdata-wp-style--top=\"state.imageButtonTop\"\n\t\t>\n\t\t\t<svg xmlns=\"http:\/\/www.w3.org\/2000\/svg\" width=\"12\" height=\"12\" fill=\"none\" viewbox=\"0 0 12 12\">\n\t\t\t\t<path fill=\"#fff\" d=\"M2 0a2 2 0 0 0-2 2v2h1.5V2a.5.5 0 0 1 .5-.5h2V0H2Zm2 10.5H2a.5.5 0 0 1-.5-.5V8H0v2a2 2 0 0 0 2 2h2v-1.5ZM8 12v-1.5h2a.5.5 0 0 0 .5-.5V8H12v2a2 2 0 0 1-2 2H8Zm2-12a2 2 0 0 1 2 2v2h-1.5V2a.5.5 0 0 0-.5-.5H8V0h2Z\" \/>\n\t\t\t<\/svg>\n\t\t<\/button><\/figure>\n\n\n\n<figure data-wp-context=\"{&quot;imageId&quot;:&quot;69f3207c3abc7&quot;}\" data-wp-interactive=\"core\/image\" data-wp-key=\"69f3207c3abc7\" class=\"wp-block-image size-large wp-lightbox-container\"><img loading=\"lazy\" decoding=\"async\" width=\"546\" height=\"364\" data-wp-class--hide=\"state.isContentHidden\" data-wp-class--show=\"state.isContentVisible\" data-wp-init=\"callbacks.setButtonStyles\" data-wp-on--click=\"actions.showLightbox\" data-wp-on--load=\"callbacks.setButtonStyles\" data-wp-on-window--resize=\"callbacks.setButtonStyles\" data-id=\"7775\" src=\"https:\/\/srfb.be\/wp-content\/uploads\/2019\/07\/125-ans-SRFB-L\u00e9quipe\u00a9-Sonia-Chapelle-4279a55.jpg\" alt=\"\" class=\"wp-image-7775\" srcset=\"https:\/\/srfb.be\/wp-content\/uploads\/2019\/07\/125-ans-SRFB-L\u00e9quipe\u00a9-Sonia-Chapelle-4279a55.jpg 546w, https:\/\/srfb.be\/wp-content\/uploads\/2019\/07\/125-ans-SRFB-L\u00e9quipe\u00a9-Sonia-Chapelle-4279a55-64x43.jpg 64w, https:\/\/srfb.be\/wp-content\/uploads\/2019\/07\/125-ans-SRFB-L\u00e9quipe\u00a9-Sonia-Chapelle-4279a55-300x200.jpg 300w, https:\/\/srfb.be\/wp-content\/uploads\/2019\/07\/125-ans-SRFB-L\u00e9quipe\u00a9-Sonia-Chapelle-4279a55-18x12.jpg 18w\" sizes=\"auto, (max-width: 546px) 100vw, 546px\" \/><button\n\t\t\tclass=\"lightbox-trigger\"\n\t\t\ttype=\"button\"\n\t\t\taria-haspopup=\"dialog\"\n\t\t\taria-label=\"Vergr\u00f6\u00dfern\"\n\t\t\tdata-wp-init=\"callbacks.initTriggerButton\"\n\t\t\tdata-wp-on--click=\"actions.showLightbox\"\n\t\t\tdata-wp-style--right=\"state.imageButtonRight\"\n\t\t\tdata-wp-style--top=\"state.imageButtonTop\"\n\t\t>\n\t\t\t<svg xmlns=\"http:\/\/www.w3.org\/2000\/svg\" width=\"12\" height=\"12\" fill=\"none\" viewbox=\"0 0 12 12\">\n\t\t\t\t<path fill=\"#fff\" d=\"M2 0a2 2 0 0 0-2 2v2h1.5V2a.5.5 0 0 1 .5-.5h2V0H2Zm2 10.5H2a.5.5 0 0 1-.5-.5V8H0v2a2 2 0 0 0 2 2h2v-1.5ZM8 12v-1.5h2a.5.5 0 0 0 .5-.5V8H12v2a2 2 0 0 1-2 2H8Zm2-12a2 2 0 0 1 2 2v2h-1.5V2a.5.5 0 0 0-.5-.5H8V0h2Z\" \/>\n\t\t\t<\/svg>\n\t\t<\/button><\/figure>\n<\/figure>\n\n\n\n<p><strong>Cette journ\u00e9e dans la presse:<br><\/strong><\/p>\n\n\n\n<p>RTL Info:\u00a0<a href=\"https:\/\/www.rtl.be\/info\/magazine\/science-nature\/la-solution-pour-sauver-nos-forets-des-changements-climatiques-utiliser-des-arbres-etrangers-1019068.aspx\" target=\"_blank\" rel=\"noreferrer noopener\">Eine neue Idee wird gestartet, um unsere W\u00e4lder vor dem Klimawandel zu retten<\/a><br>RTBF:\u00a0<a href=\"https:\/\/www.rtbf.be\/info\/societe\/detail_nos-forets-souffrent-du-rechauffement-climatique-de-nouvelles-essences-d-arbres-a-la-rescousse%20?id=9909513\" target=\"_blank\" rel=\"noreferrer noopener\">Nos for\u00eats souffrent du r\u00e9chauffement climatique, de nouvelles essences d\u2019arbres \u00e0 la rescousse<\/a><br>RTBF: <a href=\"https:\/\/www.rtbf.be\/auvio\/detail_le-journal-de-17h00%20?id=2344978\" target=\"_blank\" rel=\"noreferrer noopener\">Reportage dans le journal radio (13:39-15:19)<\/a><br>MA T\u00e9l\u00e9:\u00a0<a href=\"https:\/\/www.rtbf.be\/auvio\/detail_le-journal-de-17h00%20?id=2344978\" target=\"_blank\" rel=\"noreferrer noopener\">Le Roi Philippe \u00e0 Rochefort pour construire la for\u00eat de demain<\/a><\/p>","protected":false},"excerpt":{"rendered":"<p>La 125\u00e8me assembl\u00e9e g\u00e9n\u00e9rale de la Soci\u00e9t\u00e9 Royale Foresti\u00e8re de Belgique s&rsquo;est tenue le 4 mai 2018 au ch\u00e2teau de Lavaux-Sainte-Anne.Cette journ\u00e9e a \u00e9t\u00e9 rehauss\u00e9e par la pr\u00e9sence de Sa Majest\u00e9 le Roi. La journ\u00e9e s&rsquo;est poursuivie par une visite guid\u00e9e par les r\u00e9gisseurs du domaine forestier de la Donation Royale de Ciergnon.Pendant ce temps,&#8230; <\/p>\n<div class=\"clear\"><\/div>\n<p><a href=\"https:\/\/srfb.be\/de\/2019\/05\/05\/une-assemblee-generale-a-la-hauteur-des-125-ans\/\" class=\"excerpt-read-more\">Read More<\/a><\/p>","protected":false},"author":18,"featured_media":7758,"comment_status":"open","ping_status":"closed","sticky":false,"template":"","format":"standard","meta":{"iawp_total_views":8,"footnotes":""},"categories":[7],"tags":[62,100],"class_list":["post-7755","post","type-post","status-publish","format-standard","has-post-thumbnail","hentry","category-actualite","tag-arboretums","tag-sa-majeste-le-roi"],"yoast_head":"<!-- This site is optimized with the Yoast SEO plugin v27.5 - https:\/\/yoast.com\/product\/yoast-seo-wordpress\/ -->\n<title>Une assembl\u00e9e g\u00e9n\u00e9rale \u00e0 la hauteur des 125 ans - Soci\u00e9t\u00e9 Royale Foresti\u00e8re de Belgique<\/title>\n<meta name=\"robots\" content=\"index, follow, max-snippet:-1, max-image-preview:large, max-video-preview:-1\" \/>\n<link rel=\"canonical\" href=\"https:\/\/kbbm.be\/2019\/05\/05\/une-assemblee-generale-a-la-hauteur-des-125-ans\/\" \/>\n<meta property=\"og:locale\" content=\"de_DE\" \/>\n<meta property=\"og:type\" content=\"article\" \/>\n<meta property=\"og:title\" content=\"Une assembl\u00e9e g\u00e9n\u00e9rale \u00e0 la hauteur des 125 ans - Soci\u00e9t\u00e9 Royale Foresti\u00e8re de Belgique\" \/>\n<meta property=\"og:description\" content=\"La 125\u00e8me assembl\u00e9e g\u00e9n\u00e9rale de la Soci\u00e9t\u00e9 Royale Foresti\u00e8re de Belgique s&rsquo;est tenue le 4 mai 2018 au ch\u00e2teau de Lavaux-Sainte-Anne.Cette journ\u00e9e a \u00e9t\u00e9 rehauss\u00e9e par la pr\u00e9sence de Sa Majest\u00e9 le Roi. La journ\u00e9e s&rsquo;est poursuivie par une visite guid\u00e9e par les r\u00e9gisseurs du domaine forestier de la Donation Royale de Ciergnon.Pendant ce temps,... Read More\" \/>\n<meta property=\"og:url\" content=\"https:\/\/kbbm.be\/2019\/05\/05\/une-assemblee-generale-a-la-hauteur-des-125-ans\/\" \/>\n<meta property=\"og:site_name\" content=\"Soci\u00e9t\u00e9 Royale Foresti\u00e8re de Belgique\" \/>\n<meta property=\"article:publisher\" content=\"https:\/\/www.facebook.com\/srfb.be\" \/>\n<meta property=\"article:published_time\" content=\"2019-05-05T12:15:51+00:00\" \/>\n<meta property=\"article:modified_time\" content=\"2024-04-09T14:52:49+00:00\" \/>\n<meta property=\"og:image\" content=\"https:\/\/kbbm.be\/wp-content\/uploads\/2019\/07\/125-ans-SRFB-Alisier-blanc-offert-\u00e0-sa-Majest\u00e9-le-Roi\u00a9-Sonia-Chapelle-1948b5f.jpg\" \/>\n\t<meta property=\"og:image:width\" content=\"546\" \/>\n\t<meta property=\"og:image:height\" content=\"364\" \/>\n\t<meta property=\"og:image:type\" content=\"image\/jpeg\" \/>\n<meta name=\"author\" content=\"C\u00e9dric Staes\" \/>\n<script type=\"application\/ld+json\" class=\"yoast-schema-graph\">{\"@context\":\"https:\\\/\\\/schema.org\",\"@graph\":[{\"@type\":\"Article\",\"@id\":\"https:\\\/\\\/kbbm.be\\\/2019\\\/05\\\/05\\\/une-assemblee-generale-a-la-hauteur-des-125-ans\\\/#article\",\"isPartOf\":{\"@id\":\"https:\\\/\\\/kbbm.be\\\/2019\\\/05\\\/05\\\/une-assemblee-generale-a-la-hauteur-des-125-ans\\\/\"},\"author\":{\"name\":\"C\u00e9dric Staes\",\"@id\":\"https:\\\/\\\/srfb.be\\\/#\\\/schema\\\/person\\\/dd159c756aa7647ee858e8da074f0c16\"},\"headline\":\"Une assembl\u00e9e g\u00e9n\u00e9rale \u00e0 la hauteur des 125 ans\",\"datePublished\":\"2019-05-05T12:15:51+00:00\",\"dateModified\":\"2024-04-09T14:52:49+00:00\",\"mainEntityOfPage\":{\"@id\":\"https:\\\/\\\/kbbm.be\\\/2019\\\/05\\\/05\\\/une-assemblee-generale-a-la-hauteur-des-125-ans\\\/\"},\"wordCount\":408,\"commentCount\":0,\"publisher\":{\"@id\":\"https:\\\/\\\/srfb.be\\\/#organization\"},\"image\":{\"@id\":\"https:\\\/\\\/kbbm.be\\\/2019\\\/05\\\/05\\\/une-assemblee-generale-a-la-hauteur-des-125-ans\\\/#primaryimage\"},\"thumbnailUrl\":\"https:\\\/\\\/srfb.be\\\/wp-content\\\/uploads\\\/2019\\\/07\\\/125-ans-SRFB-Alisier-blanc-offert-\u00e0-sa-Majest\u00e9-le-Roi\u00a9-Sonia-Chapelle-1948b5f.jpg\",\"keywords\":[\"arboretums\",\"Sa Majest\u00e9 le Roi\"],\"articleSection\":[\"Actualit\u00e9\"],\"inLanguage\":\"de\"},{\"@type\":\"WebPage\",\"@id\":\"https:\\\/\\\/kbbm.be\\\/2019\\\/05\\\/05\\\/une-assemblee-generale-a-la-hauteur-des-125-ans\\\/\",\"url\":\"https:\\\/\\\/kbbm.be\\\/2019\\\/05\\\/05\\\/une-assemblee-generale-a-la-hauteur-des-125-ans\\\/\",\"name\":\"Une assembl\u00e9e g\u00e9n\u00e9rale \u00e0 la hauteur des 125 ans - Soci\u00e9t\u00e9 Royale Foresti\u00e8re de Belgique\",\"isPartOf\":{\"@id\":\"https:\\\/\\\/srfb.be\\\/#website\"},\"primaryImageOfPage\":{\"@id\":\"https:\\\/\\\/kbbm.be\\\/2019\\\/05\\\/05\\\/une-assemblee-generale-a-la-hauteur-des-125-ans\\\/#primaryimage\"},\"image\":{\"@id\":\"https:\\\/\\\/kbbm.be\\\/2019\\\/05\\\/05\\\/une-assemblee-generale-a-la-hauteur-des-125-ans\\\/#primaryimage\"},\"thumbnailUrl\":\"https:\\\/\\\/srfb.be\\\/wp-content\\\/uploads\\\/2019\\\/07\\\/125-ans-SRFB-Alisier-blanc-offert-\u00e0-sa-Majest\u00e9-le-Roi\u00a9-Sonia-Chapelle-1948b5f.jpg\",\"datePublished\":\"2019-05-05T12:15:51+00:00\",\"dateModified\":\"2024-04-09T14:52:49+00:00\",\"breadcrumb\":{\"@id\":\"https:\\\/\\\/kbbm.be\\\/2019\\\/05\\\/05\\\/une-assemblee-generale-a-la-hauteur-des-125-ans\\\/#breadcrumb\"},\"inLanguage\":\"de\",\"potentialAction\":[{\"@type\":\"ReadAction\",\"target\":[\"https:\\\/\\\/kbbm.be\\\/2019\\\/05\\\/05\\\/une-assemblee-generale-a-la-hauteur-des-125-ans\\\/\"]}]},{\"@type\":\"ImageObject\",\"inLanguage\":\"de\",\"@id\":\"https:\\\/\\\/kbbm.be\\\/2019\\\/05\\\/05\\\/une-assemblee-generale-a-la-hauteur-des-125-ans\\\/#primaryimage\",\"url\":\"https:\\\/\\\/srfb.be\\\/wp-content\\\/uploads\\\/2019\\\/07\\\/125-ans-SRFB-Alisier-blanc-offert-\u00e0-sa-Majest\u00e9-le-Roi\u00a9-Sonia-Chapelle-1948b5f.jpg\",\"contentUrl\":\"https:\\\/\\\/srfb.be\\\/wp-content\\\/uploads\\\/2019\\\/07\\\/125-ans-SRFB-Alisier-blanc-offert-\u00e0-sa-Majest\u00e9-le-Roi\u00a9-Sonia-Chapelle-1948b5f.jpg\",\"width\":546,\"height\":364},{\"@type\":\"BreadcrumbList\",\"@id\":\"https:\\\/\\\/kbbm.be\\\/2019\\\/05\\\/05\\\/une-assemblee-generale-a-la-hauteur-des-125-ans\\\/#breadcrumb\",\"itemListElement\":[{\"@type\":\"ListItem\",\"position\":1,\"name\":\"Accueil\",\"item\":\"https:\\\/\\\/srfb.be\\\/\"},{\"@type\":\"ListItem\",\"position\":2,\"name\":\"Une assembl\u00e9e g\u00e9n\u00e9rale \u00e0 la hauteur des 125 ans\"}]},{\"@type\":\"WebSite\",\"@id\":\"https:\\\/\\\/srfb.be\\\/#website\",\"url\":\"https:\\\/\\\/srfb.be\\\/\",\"name\":\"Soci\u00e9t\u00e9 Royale Foresti\u00e8re de Belgique\",\"description\":\"Au service de la for\u00eat et des forestiers\",\"publisher\":{\"@id\":\"https:\\\/\\\/srfb.be\\\/#organization\"},\"alternateName\":\"SRFB-KBBM\",\"potentialAction\":[{\"@type\":\"SearchAction\",\"target\":{\"@type\":\"EntryPoint\",\"urlTemplate\":\"https:\\\/\\\/srfb.be\\\/?s={search_term_string}\"},\"query-input\":{\"@type\":\"PropertyValueSpecification\",\"valueRequired\":true,\"valueName\":\"search_term_string\"}}],\"inLanguage\":\"de\"},{\"@type\":\"Organization\",\"@id\":\"https:\\\/\\\/srfb.be\\\/#organization\",\"name\":\"Soci\u00e9t\u00e9 Royale Foresti\u00e8re De Belgique - Koninklijke Belgische Bosbouwmaatschappij\",\"alternateName\":\"SRFB-KBBM\",\"url\":\"https:\\\/\\\/srfb.be\\\/\",\"logo\":{\"@type\":\"ImageObject\",\"inLanguage\":\"de\",\"@id\":\"https:\\\/\\\/srfb.be\\\/#\\\/schema\\\/logo\\\/image\\\/\",\"url\":\"https:\\\/\\\/srfb.be\\\/wp-content\\\/uploads\\\/2019\\\/06\\\/android-chrome-256x256.png\",\"contentUrl\":\"https:\\\/\\\/srfb.be\\\/wp-content\\\/uploads\\\/2019\\\/06\\\/android-chrome-256x256.png\",\"width\":1200,\"height\":1232,\"caption\":\"Soci\u00e9t\u00e9 Royale Foresti\u00e8re De Belgique - Koninklijke Belgische Bosbouwmaatschappij\"},\"image\":{\"@id\":\"https:\\\/\\\/srfb.be\\\/#\\\/schema\\\/logo\\\/image\\\/\"},\"sameAs\":[\"https:\\\/\\\/www.facebook.com\\\/srfb.be\",\"https:\\\/\\\/www.instagram.com\\\/srfb_kbbm\\\/\",\"https:\\\/\\\/www.linkedin.com\\\/company\\\/srfb-kbbm\\\/\",\"https:\\\/\\\/www.youtube.com\\\/user\\\/srfbkbbm\"]},{\"@type\":\"Person\",\"@id\":\"https:\\\/\\\/srfb.be\\\/#\\\/schema\\\/person\\\/dd159c756aa7647ee858e8da074f0c16\",\"name\":\"C\u00e9dric Staes\"}]}<\/script>\n<!-- \/ Yoast SEO plugin. -->","yoast_head_json":{"title":"Une assembl\u00e9e g\u00e9n\u00e9rale \u00e0 la hauteur des 125 ans - Soci\u00e9t\u00e9 Royale Foresti\u00e8re de Belgique","robots":{"index":"index","follow":"follow","max-snippet":"max-snippet:-1","max-image-preview":"max-image-preview:large","max-video-preview":"max-video-preview:-1"},"canonical":"https:\/\/kbbm.be\/2019\/05\/05\/une-assemblee-generale-a-la-hauteur-des-125-ans\/","og_locale":"de_DE","og_type":"article","og_title":"Une assembl\u00e9e g\u00e9n\u00e9rale \u00e0 la hauteur des 125 ans - Soci\u00e9t\u00e9 Royale Foresti\u00e8re de Belgique","og_description":"La 125\u00e8me assembl\u00e9e g\u00e9n\u00e9rale de la Soci\u00e9t\u00e9 Royale Foresti\u00e8re de Belgique s&rsquo;est tenue le 4 mai 2018 au ch\u00e2teau de Lavaux-Sainte-Anne.Cette journ\u00e9e a \u00e9t\u00e9 rehauss\u00e9e par la pr\u00e9sence de Sa Majest\u00e9 le Roi. La journ\u00e9e s&rsquo;est poursuivie par une visite guid\u00e9e par les r\u00e9gisseurs du domaine forestier de la Donation Royale de Ciergnon.Pendant ce temps,... Read More","og_url":"https:\/\/kbbm.be\/2019\/05\/05\/une-assemblee-generale-a-la-hauteur-des-125-ans\/","og_site_name":"Soci\u00e9t\u00e9 Royale Foresti\u00e8re de Belgique","article_publisher":"https:\/\/www.facebook.com\/srfb.be","article_published_time":"2019-05-05T12:15:51+00:00","article_modified_time":"2024-04-09T14:52:49+00:00","og_image":[{"width":546,"height":364,"url":"https:\/\/kbbm.be\/wp-content\/uploads\/2019\/07\/125-ans-SRFB-Alisier-blanc-offert-\u00e0-sa-Majest\u00e9-le-Roi\u00a9-Sonia-Chapelle-1948b5f.jpg","type":"image\/jpeg"}],"author":"C\u00e9dric Staes","schema":{"@context":"https:\/\/schema.org","@graph":[{"@type":"Article","@id":"https:\/\/kbbm.be\/2019\/05\/05\/une-assemblee-generale-a-la-hauteur-des-125-ans\/#article","isPartOf":{"@id":"https:\/\/kbbm.be\/2019\/05\/05\/une-assemblee-generale-a-la-hauteur-des-125-ans\/"},"author":{"name":"C\u00e9dric Staes","@id":"https:\/\/srfb.be\/#\/schema\/person\/dd159c756aa7647ee858e8da074f0c16"},"headline":"Une assembl\u00e9e g\u00e9n\u00e9rale \u00e0 la hauteur des 125 ans","datePublished":"2019-05-05T12:15:51+00:00","dateModified":"2024-04-09T14:52:49+00:00","mainEntityOfPage":{"@id":"https:\/\/kbbm.be\/2019\/05\/05\/une-assemblee-generale-a-la-hauteur-des-125-ans\/"},"wordCount":408,"commentCount":0,"publisher":{"@id":"https:\/\/srfb.be\/#organization"},"image":{"@id":"https:\/\/kbbm.be\/2019\/05\/05\/une-assemblee-generale-a-la-hauteur-des-125-ans\/#primaryimage"},"thumbnailUrl":"https:\/\/srfb.be\/wp-content\/uploads\/2019\/07\/125-ans-SRFB-Alisier-blanc-offert-\u00e0-sa-Majest\u00e9-le-Roi\u00a9-Sonia-Chapelle-1948b5f.jpg","keywords":["arboretums","Sa Majest\u00e9 le Roi"],"articleSection":["Actualit\u00e9"],"inLanguage":"de"},{"@type":"WebPage","@id":"https:\/\/kbbm.be\/2019\/05\/05\/une-assemblee-generale-a-la-hauteur-des-125-ans\/","url":"https:\/\/kbbm.be\/2019\/05\/05\/une-assemblee-generale-a-la-hauteur-des-125-ans\/","name":"Une assembl\u00e9e g\u00e9n\u00e9rale \u00e0 la hauteur des 125 ans - Soci\u00e9t\u00e9 Royale Foresti\u00e8re de Belgique","isPartOf":{"@id":"https:\/\/srfb.be\/#website"},"primaryImageOfPage":{"@id":"https:\/\/kbbm.be\/2019\/05\/05\/une-assemblee-generale-a-la-hauteur-des-125-ans\/#primaryimage"},"image":{"@id":"https:\/\/kbbm.be\/2019\/05\/05\/une-assemblee-generale-a-la-hauteur-des-125-ans\/#primaryimage"},"thumbnailUrl":"https:\/\/srfb.be\/wp-content\/uploads\/2019\/07\/125-ans-SRFB-Alisier-blanc-offert-\u00e0-sa-Majest\u00e9-le-Roi\u00a9-Sonia-Chapelle-1948b5f.jpg","datePublished":"2019-05-05T12:15:51+00:00","dateModified":"2024-04-09T14:52:49+00:00","breadcrumb":{"@id":"https:\/\/kbbm.be\/2019\/05\/05\/une-assemblee-generale-a-la-hauteur-des-125-ans\/#breadcrumb"},"inLanguage":"de","potentialAction":[{"@type":"ReadAction","target":["https:\/\/kbbm.be\/2019\/05\/05\/une-assemblee-generale-a-la-hauteur-des-125-ans\/"]}]},{"@type":"ImageObject","inLanguage":"de","@id":"https:\/\/kbbm.be\/2019\/05\/05\/une-assemblee-generale-a-la-hauteur-des-125-ans\/#primaryimage","url":"https:\/\/srfb.be\/wp-content\/uploads\/2019\/07\/125-ans-SRFB-Alisier-blanc-offert-\u00e0-sa-Majest\u00e9-le-Roi\u00a9-Sonia-Chapelle-1948b5f.jpg","contentUrl":"https:\/\/srfb.be\/wp-content\/uploads\/2019\/07\/125-ans-SRFB-Alisier-blanc-offert-\u00e0-sa-Majest\u00e9-le-Roi\u00a9-Sonia-Chapelle-1948b5f.jpg","width":546,"height":364},{"@type":"BreadcrumbList","@id":"https:\/\/kbbm.be\/2019\/05\/05\/une-assemblee-generale-a-la-hauteur-des-125-ans\/#breadcrumb","itemListElement":[{"@type":"ListItem","position":1,"name":"Accueil","item":"https:\/\/srfb.be\/"},{"@type":"ListItem","position":2,"name":"Une assembl\u00e9e g\u00e9n\u00e9rale \u00e0 la hauteur des 125 ans"}]},{"@type":"WebSite","@id":"https:\/\/srfb.be\/#website","url":"https:\/\/srfb.be\/","name":"K\u00f6nigliche Forstverein Belgiens","description":"Im Dienste des Waldes und der F\u00f6rster","publisher":{"@id":"https:\/\/srfb.be\/#organization"},"alternateName":"SRFB-KBBM","potentialAction":[{"@type":"SearchAction","target":{"@type":"EntryPoint","urlTemplate":"https:\/\/srfb.be\/?s={search_term_string}"},"query-input":{"@type":"PropertyValueSpecification","valueRequired":true,"valueName":"search_term_string"}}],"inLanguage":"de"},{"@type":"Organization","@id":"https:\/\/srfb.be\/#organization","name":"Soci\u00e9t\u00e9 Royale Foresti\u00e8re De Belgique - Koninklijke Belgische Bosbouwmaatschappij","alternateName":"SRFB-KBBM","url":"https:\/\/srfb.be\/","logo":{"@type":"ImageObject","inLanguage":"de","@id":"https:\/\/srfb.be\/#\/schema\/logo\/image\/","url":"https:\/\/srfb.be\/wp-content\/uploads\/2019\/06\/android-chrome-256x256.png","contentUrl":"https:\/\/srfb.be\/wp-content\/uploads\/2019\/06\/android-chrome-256x256.png","width":1200,"height":1232,"caption":"Soci\u00e9t\u00e9 Royale Foresti\u00e8re De Belgique - Koninklijke Belgische Bosbouwmaatschappij"},"image":{"@id":"https:\/\/srfb.be\/#\/schema\/logo\/image\/"},"sameAs":["https:\/\/www.facebook.com\/srfb.be","https:\/\/www.instagram.com\/srfb_kbbm\/","https:\/\/www.linkedin.com\/company\/srfb-kbbm\/","https:\/\/www.youtube.com\/user\/srfbkbbm"]},{"@type":"Person","@id":"https:\/\/srfb.be\/#\/schema\/person\/dd159c756aa7647ee858e8da074f0c16","name":"C\u00e9dric Staes"}]}},"_links":{"self":[{"href":"https:\/\/srfb.be\/de\/wp-json\/wp\/v2\/posts\/7755","targetHints":{"allow":["GET"]}}],"collection":[{"href":"https:\/\/srfb.be\/de\/wp-json\/wp\/v2\/posts"}],"about":[{"href":"https:\/\/srfb.be\/de\/wp-json\/wp\/v2\/types\/post"}],"author":[{"embeddable":true,"href":"https:\/\/srfb.be\/de\/wp-json\/wp\/v2\/users\/18"}],"replies":[{"embeddable":true,"href":"https:\/\/srfb.be\/de\/wp-json\/wp\/v2\/comments?post=7755"}],"version-history":[{"count":0,"href":"https:\/\/srfb.be\/de\/wp-json\/wp\/v2\/posts\/7755\/revisions"}],"wp:featuredmedia":[{"embeddable":true,"href":"https:\/\/srfb.be\/de\/wp-json\/wp\/v2\/media\/7758"}],"wp:attachment":[{"href":"https:\/\/srfb.be\/de\/wp-json\/wp\/v2\/media?parent=7755"}],"wp:term":[{"taxonomy":"category","embeddable":true,"href":"https:\/\/srfb.be\/de\/wp-json\/wp\/v2\/categories?post=7755"},{"taxonomy":"post_tag","embeddable":true,"href":"https:\/\/srfb.be\/de\/wp-json\/wp\/v2\/tags?post=7755"}],"curies":[{"name":"wp","href":"https:\/\/api.w.org\/{rel}","templated":true}]}}