{"id":40793,"date":"2026-09-01T12:11:35","date_gmt":"2026-09-01T10:11:35","guid":{"rendered":"https:\/\/srfb.be\/?p=40793"},"modified":"2026-09-01T12:11:36","modified_gmt":"2026-09-01T10:11:36","slug":"incendies-de-foret-la-prevention-se-prepare-avant-la-crise","status":"publish","type":"post","link":"https:\/\/srfb.be\/de\/2026\/09\/01\/incendies-de-foret-la-prevention-se-prepare-avant-la-crise\/","title":{"rendered":"Incendies de for\u00eat : la pr\u00e9vention se pr\u00e9pare avant la crise"},"content":{"rendered":"<p class=\"has-text-align-center has-small-font-size wp-block-paragraph\" style=\"font-style:italic;font-weight:400\">Communiqu\u00e9 de presse du 25 ao\u00fbt 2026<\/p>\n\n\n\n<div class=\"wp-block-group none-shape has-white-color has-secondary-background-color has-text-color has-background has-link-color wp-elements-1 is-layout-constrained wp-block-group-is-layout-constrained\">\n<p class=\"wp-block-paragraph\">La SRFB appelle \u00e0 mieux anticiper le risque dans les for\u00eats publiques et priv\u00e9es, \u00e0 faciliter les am\u00e9nagements utiles et \u00e0 renforcer le partage d&rsquo;informations avec les services de secours<\/p>\n<\/div>\n\n\n\n<p class=\"wp-block-paragraph\">Les incendies r\u00e9cents nous rappellent que la Wallonie doit se pr\u00e9parer \u00e0 un risque appel\u00e9 \u00e0 devenir plus fr\u00e9quent et plus difficile \u00e0 ma\u00eetriser. Face \u00e0 cette \u00e9volution, la pr\u00e9vention ne peut pas commencer lorsque le feu est d\u00e9j\u00e0 d\u00e9clar\u00e9. Elle se pr\u00e9pare en amont, dans les for\u00eats publiques comme priv\u00e9es, par une meilleure connaissance des massifs, des am\u00e9nagements adapt\u00e9s, des comportements responsables et une coordination \u00e9troite avec les services de secours.<\/p>\n\n\n\n<p class=\"wp-block-paragraph\">La Soci\u00e9t\u00e9 Royale Foresti\u00e8re de Belgique (SRFB) a consacr\u00e9 son assembl\u00e9e g\u00e9n\u00e9rale du 13 mai 2026 \u00e0 cette question. Chercheurs, administration foresti\u00e8re, propri\u00e9taires et gestionnaires y ont pr\u00e9sent\u00e9 les connaissances disponibles, les dispositifs en cours de d\u00e9veloppement et des exp\u00e9riences d\u00e9j\u00e0 mises en \u0153uvre sur le terrain.<\/p>\n\n\n\n<p class=\"wp-block-paragraph\">Les \u00e9changes ont confirm\u00e9 que le danger d&rsquo;incendie d\u00e9pend de plusieurs facteurs combin\u00e9s : la possibilit\u00e9 d&rsquo;un d\u00e9part de feu, les conditions m\u00e9t\u00e9orologiques, le type et la r\u00e9partition de la v\u00e9g\u00e9tation combustible, le relief, les caract\u00e9ristiques du sol, mais aussi l&rsquo;accessibilit\u00e9 du massif et la disponibilit\u00e9 de l&rsquo;eau.<\/p>\n\n\n\n<h2 class=\"wp-block-heading\" style=\"margin-top:var(--wp--preset--spacing--70)\">Mieux conna\u00eetre les massifs pour mieux intervenir<\/h2>\n\n\n\n<p class=\"wp-block-paragraph\">Lorsqu&rsquo;un incendie se d\u00e9clare, chaque minute compte. Les services de secours doivent pouvoir identifier rapidement les acc\u00e8s praticables, les chemins adapt\u00e9s \u00e0 leurs v\u00e9hicules, les possibilit\u00e9s de retournement, les obstacles et les points d&rsquo;eau disponibles.<\/p>\n\n\n\n<p class=\"wp-block-paragraph\">La SRFB plaide donc pour la mise \u00e0 disposition d&rsquo;une <strong>plateforme simple et partag\u00e9e<\/strong>, permettant aux propri\u00e9taires et gestionnaires forestiers publics et priv\u00e9s de renseigner notamment :<\/p>\n\n\n\n<ul class=\"wp-block-list\">\n<li>les chemins carrossables et leur niveau d&rsquo;accessibilit\u00e9 ;<\/li>\n\n\n\n<li>les entr\u00e9es de massifs, barri\u00e8res et \u00e9ventuelles impasses ;<\/li>\n\n\n\n<li>les zones de retournement pour les v\u00e9hicules de secours ;<\/li>\n\n\n\n<li>les \u00e9tangs, mares, citernes et autres points d&rsquo;eau mobilisables ;<\/li>\n\n\n\n<li>les emplacements o\u00f9 de nouvelles r\u00e9serves d&rsquo;eau pourraient \u00eatre envisag\u00e9es ;<\/li>\n\n\n\n<li>les coordonn\u00e9es de personnes connaissant bien le massif.<\/li>\n<\/ul>\n\n\n\n<p class=\"wp-block-paragraph\">Le D\u00e9partement de la Nature et des For\u00eats (DNF) travaille actuellement au d\u00e9veloppement de cette plateforme (opendfci_Wallonie) en lien avec les zones de secours, afin de structurer les informations utiles \u00e0 la d\u00e9fense des for\u00eats contre les incendies et de mieux cibler les investissements. <strong>\u00c0 ce stade, cet outil n&rsquo;est pas encore accessible aux propri\u00e9taires et gestionnaires priv\u00e9s, mais la SRFB souhaite qu&rsquo;il le devienne rapidement, afin qu&rsquo;ils puissent compl\u00e9ter et enrichir les donn\u00e9es de terrain.<\/strong><\/p>\n\n\n\n<p class=\"wp-block-paragraph\">Cette approche rejoint \u00e9galement des exp\u00e9riences concr\u00e8tes en for\u00eat priv\u00e9e. Le Groupement forestier de la Vall\u00e9e du Chavan, par exemple, a ainsi cartographi\u00e9 les acc\u00e8s selon les types de v\u00e9hicules pouvant les emprunter, identifi\u00e9 les zones de retournement et recens\u00e9 les sources d&rsquo;eau existantes ou susceptibles d&rsquo;\u00eatre cr\u00e9\u00e9es.<\/p>\n\n\n\n<h2 class=\"wp-block-heading\" style=\"margin-top:var(--wp--preset--spacing--70)\">Faciliter les am\u00e9nagements utiles \u00e0 la pr\u00e9vention<\/h2>\n\n\n\n<p class=\"wp-block-paragraph\">Des propri\u00e9taires et gestionnaires souhaitent d\u00e9j\u00e0 agir : maintenir un acc\u00e8s utilisable par les secours, cr\u00e9er ou adapter une r\u00e9serve d&rsquo;eau, restaurer une mare ou un \u00e9tang, pr\u00e9voir une zone de retournement ou am\u00e9nager un dispositif destin\u00e9 \u00e0 ralentir la propagation d&rsquo;un feu.<\/p>\n\n\n\n<p class=\"wp-block-paragraph\">Ces initiatives doivent naturellement respecter les enjeux li\u00e9s \u00e0 l&rsquo;eau, aux sols, \u00e0 la biodiversit\u00e9 et \u00e0 la s\u00e9curit\u00e9. Mais elles ne devraient pas \u00eatre frein\u00e9es par des proc\u00e9dures complexes ou disproportionn\u00e9es.<\/p>\n\n\n\n<p class=\"wp-block-paragraph\">La SRFB appelle d\u00e8s lors \u00e0 :<\/p>\n\n\n\n<ul class=\"wp-block-list\">\n<li>proposer des formations et un accompagnement technique aux propri\u00e9taires et gestionnaires ;<\/li>\n\n\n\n<li>clarifier les autorisations n\u00e9cessaires selon le type d&rsquo;am\u00e9nagement ;<\/li>\n\n\n\n<li>am\u00e9liorer la coordination entre les administrations concern\u00e9es ;<\/li>\n\n\n\n<li>pr\u00e9voir des proc\u00e9dures proportionn\u00e9es \u00e0 l&rsquo;importance des travaux ;<\/li>\n\n\n\n<li>soutenir financi\u00e8rement les am\u00e9nagements qui pr\u00e9sentent un int\u00e9r\u00eat collectif pour la pr\u00e9vention et l&rsquo;intervention des secours.<\/li>\n<\/ul>\n\n\n\n<p class=\"wp-block-paragraph\">L&rsquo;objectif n&rsquo;est pas de multiplier indistinctement les infrastructures en for\u00eat, mais d&rsquo;identifier, avec les services comp\u00e9tents, les am\u00e9nagements r\u00e9ellement pertinents pour chaque massif.<\/p>\n\n\n\n<p class=\"wp-block-paragraph\">Sur ce point, la SRFB rejoint la pr\u00e9occupation exprim\u00e9e par NTF, le syndicat des propri\u00e9taires ruraux : les propri\u00e9taires qui souhaitent r\u00e9aliser des am\u00e9nagements utiles \u00e0 la pr\u00e9vention doivent pouvoir b\u00e9n\u00e9ficier d&rsquo;un cadre clair, coh\u00e9rent et facilitant.<\/p>\n\n\n\n<h2 class=\"wp-block-heading\" style=\"margin-top:var(--wp--preset--spacing--70)\">Adapter les travaux forestiers au niveau de risque<\/h2>\n\n\n\n<p class=\"wp-block-paragraph\">La pr\u00e9vention concerne tous les usagers de la for\u00eat. Elle concerne \u00e9galement les propri\u00e9taires, les gestionnaires, les entrepreneurs et les professionnels qui y travaillent.<\/p>\n\n\n\n<p class=\"wp-block-paragraph\">Les machines, outils thermiques et travaux susceptibles de produire des \u00e9tincelles ou une chaleur importante peuvent devenir dangereux lorsque la v\u00e9g\u00e9tation est tr\u00e8s s\u00e8che. Il est ainsi recommand\u00e9 de suspendre les coupes et travaux utilisant des outils thermiques en p\u00e9riode de s\u00e9cheresse ou de canicule.<\/p>\n\n\n\n<p class=\"wp-block-paragraph\">Un rep\u00e8re simple peut contribuer \u00e0 cette vigilance : la r\u00e8gle dite des 30-30-30 :<\/p>\n\n\n\n<ul class=\"wp-block-list\">\n<li>une temp\u00e9rature sup\u00e9rieure \u00e0 30 \u00b0C ;<\/li>\n\n\n\n<li>une humidit\u00e9 relative inf\u00e9rieure \u00e0 30 % ;<\/li>\n\n\n\n<li>un vent sup\u00e9rieur \u00e0 30 km\/h.<\/li>\n<\/ul>\n\n\n\n<p class=\"wp-block-paragraph\">Lorsque deux de ces crit\u00e8res sont atteints, une prudence renforc\u00e9e s&rsquo;impose. Lorsqu&rsquo;ils sont r\u00e9unis tous les trois, la vigilance doit \u00eatre extr\u00eame et les travaux susceptibles de provoquer un d\u00e9part de feu devraient \u00eatre report\u00e9s.<\/p>\n\n\n\n<p class=\"wp-block-paragraph\">Cette r\u00e8gle constitue un indicateur pratique. Elle ne remplace pas les niveaux d&rsquo;alerte officiels ni les consignes des autorit\u00e9s. La Wallonie travaille d&rsquo;ailleurs \u00e0 la validation d&rsquo;indices m\u00e9t\u00e9orologiques et de seuils adapt\u00e9s \u00e0 son territoire, ainsi qu&rsquo;\u00e0 l&rsquo;\u00e9laboration d&rsquo;un r\u00e9f\u00e9rentiel de mesures pr\u00e9ventives.<\/p>\n\n\n\n<h2 class=\"wp-block-heading\" style=\"margin-top:var(--wp--preset--spacing--70)\">Pouvoir limiter temporairement l&rsquo;acc\u00e8s et les activit\u00e9s \u00e0 risque<\/h2>\n\n\n\n<p class=\"wp-block-paragraph\">Lorsque le danger devient exceptionnel, la r\u00e9duction temporaire des facteurs susceptibles de provoquer un d\u00e9part de feu doit pouvoir \u00eatre envisag\u00e9e.<\/p>\n\n\n\n<p class=\"wp-block-paragraph\">Cela peut impliquer de reporter certains travaux forestiers, de renforcer la surveillance, de limiter des \u00e9v\u00e9nements ou des activit\u00e9s \u00e0 risque et, lorsque la situation l&rsquo;exige, de restreindre temporairement l&rsquo;acc\u00e8s \u00e0 certains massifs.<\/p>\n\n\n\n<p class=\"wp-block-paragraph\">Ces mesures doivent \u00eatre cibl\u00e9es, proportionn\u00e9es, clairement communiqu\u00e9es et fond\u00e9es sur des crit\u00e8res objectifs. Elles ne remettent pas en cause le principe de l&rsquo;acc\u00e8s \u00e0 la for\u00eat. Elles r\u00e9pondent \u00e0 une situation temporaire dans laquelle la moindre imprudence peut mettre en danger les personnes, les \u00e9cosyst\u00e8mes, les habitations et les biens.<\/p>\n\n\n\n<h2 class=\"wp-block-heading\" style=\"margin-top:var(--wp--preset--spacing--70)\">Pr\u00e9parer ensemble les for\u00eats publiques et priv\u00e9es<\/h2>\n\n\n\n<p class=\"wp-block-paragraph\">Les forestiers ne se substituent pas aux pompiers. Leur r\u00f4le est toutefois essentiel pour les aider \u00e0 intervenir : connaissance du terrain, guidage dans les massifs, identification des acc\u00e8s, information sur les enjeux environnementaux et patrimoniaux et surveillance d&rsquo;\u00e9ventuelles reprises apr\u00e8s le passage du feu.<\/p>\n\n\n\n<p class=\"wp-block-paragraph\">La pr\u00e9vention doit donc \u00eatre construite avec les propri\u00e9taires et gestionnaires forestiers publics et priv\u00e9s, les zones de secours, le DNF, les communes, les scientifiques, les entrepreneurs forestiers et les autres acteurs du territoire.<\/p>\n\n\n\n<p class=\"wp-block-paragraph\" style=\"font-style:normal;font-weight:700\">Les priorit\u00e9s doivent \u00eatre claires : mieux conna\u00eetre les massifs, pr\u00e9parer les acc\u00e8s et les points d&rsquo;eau, faciliter les am\u00e9nagements utiles, adapter les activit\u00e9s au niveau de risque et partager les informations indispensables avec les services de secours.<\/p>\n\n\n\n<p class=\"wp-block-paragraph\">Par leurs prises de parole compl\u00e9mentaires, la SRFB et NTF souhaitent contribuer \u00e0 faire progresser rapidement ces mesures, aux c\u00f4t\u00e9s des autorit\u00e9s publiques et des acteurs de terrain.<\/p>\n\n\n\n<p class=\"wp-block-paragraph\">Outre ces mesures \u00e0 prendre d&rsquo;urgence, il convient aussi, \u00e0 plus long terme, d&rsquo;adapter les peuplements et la sylviculture.<\/p>\n\n\n\n<p class=\"wp-block-paragraph\">Face au risque d&rsquo;incendie, la for\u00eat publique et la for\u00eat priv\u00e9e doivent continuer \u00e0 avancer ensemble. La pr\u00e9vention se pr\u00e9pare avant la crise, et chacun peut y contribuer.<\/p>\n\n\n\n<div class=\"wp-block-group none-shape has-border-color has-secondary-border-color is-layout-constrained wp-block-group-is-layout-constrained\">\n<h2 class=\"wp-block-heading has-text-align-center\">Wer sind wir?<\/h2>\n\n\n\n<p class=\"has-text-align-center wp-block-paragraph\">Die <strong>K\u00f6nigliche Forstverein Belgiens (KFVN)<\/strong> est une association cr\u00e9\u00e9e en 1893 qui agit pour la promotion et la protection de la for\u00eat, ainsi que sa gestion durable. Depuis plus de 130 ans, elle d\u00e9fend avec conviction les solutions et la r\u00e9flexion pour une for\u00eat d&rsquo;avenir, multifonctionnelle et source de vie.<\/p>\n\n\n\n<p class=\"has-text-align-center has-secondary-color has-text-color has-link-color has-medium-font-size wp-elements-2 wp-block-paragraph\" style=\"margin-top:var(--wp--preset--spacing--50);margin-bottom:0;font-style:normal;font-weight:700\">Contact SRFB : Nicolas DASSONVILLE &#8211; <a href=\"tel:0477492309\">0477 49 23 09<\/a><\/p>\n<\/div>","protected":false},"excerpt":{"rendered":"<p>Communiqu\u00e9 de presse du 25 ao\u00fbt 2026 La SRFB appelle \u00e0 mieux anticiper le risque dans les for\u00eats publiques et priv\u00e9es, \u00e0 faciliter les am\u00e9nagements utiles et \u00e0 renforcer le partage d&rsquo;informations avec les services de secours Les incendies r\u00e9cents nous rappellent que la Wallonie doit se pr\u00e9parer \u00e0 un risque appel\u00e9 \u00e0 devenir plus [&hellip;]<\/p>\n","protected":false},"author":18,"featured_media":40794,"comment_status":"closed","ping_status":"closed","sticky":false,"template":"","format":"standard","meta":{"iawp_total_views":5,"footnotes":""},"categories":[7],"tags":[223,333,221,866,865,252],"authors":[],"class_list":["post-40793","post","type-post","status-publish","format-standard","has-post-thumbnail","hentry","category-actualite","tag-changements-climatiques","tag-foret","tag-gestion","tag-incendie","tag-presse","tag-sante-des-forets"],"_links":{"self":[{"href":"https:\/\/srfb.be\/de\/wp-json\/wp\/v2\/posts\/40793","targetHints":{"allow":["GET"]}}],"collection":[{"href":"https:\/\/srfb.be\/de\/wp-json\/wp\/v2\/posts"}],"about":[{"href":"https:\/\/srfb.be\/de\/wp-json\/wp\/v2\/types\/post"}],"author":[{"embeddable":true,"href":"https:\/\/srfb.be\/de\/wp-json\/wp\/v2\/users\/18"}],"replies":[{"embeddable":true,"href":"https:\/\/srfb.be\/de\/wp-json\/wp\/v2\/comments?post=40793"}],"version-history":[{"count":6,"href":"https:\/\/srfb.be\/de\/wp-json\/wp\/v2\/posts\/40793\/revisions"}],"predecessor-version":[{"id":40800,"href":"https:\/\/srfb.be\/de\/wp-json\/wp\/v2\/posts\/40793\/revisions\/40800"}],"wp:featuredmedia":[{"embeddable":true,"href":"https:\/\/srfb.be\/de\/wp-json\/wp\/v2\/media\/40794"}],"wp:attachment":[{"href":"https:\/\/srfb.be\/de\/wp-json\/wp\/v2\/media?parent=40793"}],"wp:term":[{"taxonomy":"category","embeddable":true,"href":"https:\/\/srfb.be\/de\/wp-json\/wp\/v2\/categories?post=40793"},{"taxonomy":"post_tag","embeddable":true,"href":"https:\/\/srfb.be\/de\/wp-json\/wp\/v2\/tags?post=40793"},{"taxonomy":"authors","embeddable":true,"href":"https:\/\/srfb.be\/de\/wp-json\/wp\/v2\/authors?post=40793"}],"curies":[{"name":"wp","href":"https:\/\/api.w.org\/{rel}","templated":true}]}}